{"id":3645,"date":"2013-08-28T17:04:09","date_gmt":"2013-08-28T17:04:09","guid":{"rendered":"http:\/\/aiglesias.com\/?p=3645"},"modified":"2013-08-28T17:05:04","modified_gmt":"2013-08-28T17:05:04","slug":"3645","status":"publish","type":"post","link":"https:\/\/aiglesias.com\/?p=3645","title":{"rendered":"Nokia y Telef\u00f3nica presentan el Nokia Lumia 1020"},"content":{"rendered":"<div>\n<div id=\"attachment_801\" style=\"width: 410px\" class=\"wp-caption aligncenter\"><a href=\"http:\/\/aiglesias.com\/wp-content\/uploads\/2012\/02\/nokia_logo2.jpg\"><img loading=\"lazy\" decoding=\"async\" aria-describedby=\"caption-attachment-801\" class=\"size-full wp-image-801\" alt=\"Logo Nokia\" src=\"http:\/\/aiglesias.com\/wp-content\/uploads\/2012\/02\/nokia_logo2.jpg\" width=\"400\" height=\"400\" srcset=\"https:\/\/aiglesias.com\/wp-content\/uploads\/2012\/02\/nokia_logo2.jpg 400w, https:\/\/aiglesias.com\/wp-content\/uploads\/2012\/02\/nokia_logo2-150x150.jpg 150w, https:\/\/aiglesias.com\/wp-content\/uploads\/2012\/02\/nokia_logo2-300x300.jpg 300w\" sizes=\"auto, (max-width: 400px) 100vw, 400px\" \/><\/a><p id=\"caption-attachment-801\" class=\"wp-caption-text\">Logo Nokia<\/p><\/div>\n<p><strong>Nokia y Telef\u00f3nica<\/strong> han convocado a los medios el pr\u00f3ximo 12 de septiembre en Londres a las 3 de la tarde (hora en el Reino Unido). Ser\u00e1 entonces cuando podamos conocer las novedades que preparan ambas empresas y que tienen como protagonista al <strong>Nokia Lumia 1020<\/strong>.<!--more--><\/p>\n<div id=\"attachment_3165\" style=\"width: 740px\" class=\"wp-caption aligncenter\"><a href=\"http:\/\/aiglesias.com\/wp-content\/uploads\/2013\/07\/nokia_lumia_1020_duo.jpg\"><img loading=\"lazy\" decoding=\"async\" aria-describedby=\"caption-attachment-3165\" class=\"size-full wp-image-3165\" alt=\"nokia_lumia_1020_duo\" src=\"http:\/\/aiglesias.com\/wp-content\/uploads\/2013\/07\/nokia_lumia_1020_duo.jpg\" width=\"730\" height=\"730\" srcset=\"https:\/\/aiglesias.com\/wp-content\/uploads\/2013\/07\/nokia_lumia_1020_duo.jpg 730w, https:\/\/aiglesias.com\/wp-content\/uploads\/2013\/07\/nokia_lumia_1020_duo-150x150.jpg 150w, https:\/\/aiglesias.com\/wp-content\/uploads\/2013\/07\/nokia_lumia_1020_duo-300x300.jpg 300w, https:\/\/aiglesias.com\/wp-content\/uploads\/2013\/07\/nokia_lumia_1020_duo-148x148.jpg 148w, https:\/\/aiglesias.com\/wp-content\/uploads\/2013\/07\/nokia_lumia_1020_duo-31x31.jpg 31w, https:\/\/aiglesias.com\/wp-content\/uploads\/2013\/07\/nokia_lumia_1020_duo-38x38.jpg 38w, https:\/\/aiglesias.com\/wp-content\/uploads\/2013\/07\/nokia_lumia_1020_duo-215x215.jpg 215w\" sizes=\"auto, (max-width: 730px) 100vw, 730px\" \/><\/a><p id=\"caption-attachment-3165\" class=\"wp-caption-text\">nokia_lumia_1020_duo<\/p><\/div>\n<p>El <strong>Nokia Lumia 1020<\/strong> destaca por su c\u00e1mara con sensor de <strong>41 Mp\u00edxeles<\/strong> parece que a\u00fan tiene algo m\u00e1s que decir. A ver que nos cuenta Telef\u00f3nica durante la presentaci\u00f3n oficial de este producto.<\/p>\n<p>\u00bfSer\u00e1 una <strong>edici\u00f3n especial y limitada<\/strong> de este terminal? No lo sabremos hasta el pr\u00f3ximo 12 de septiembre.<\/p>\n<p>Iremos informando a medida que tengamos m\u00e1s informaci\u00f3n sobre la presentaci\u00f3n..<\/p>\n<p>M\u00e1s informaci\u00f3n : <a href=\"http:\/\/www.nokia.com\" target=\"_blank\" rel=\"noopener\">Nokia<\/a><\/p>\n<\/div>\n","protected":false},"excerpt":{"rendered":"<p>Nokia y Telef\u00f3nica han convocado a los medios el pr\u00f3ximo 12 de septiembre en Londres a las 3 de la tarde (hora en el Reino Unido). Ser\u00e1 entonces cuando podamos conocer las novedades que preparan ambas empresas y que tienen &hellip; <a href=\"https:\/\/aiglesias.com\/?p=3645\">Sigue leyendo <span class=\"meta-nav\">&rarr;<\/span><\/a><\/p>\n","protected":false},"author":1,"featured_media":0,"comment_status":"open","ping_status":"open","sticky":false,"template":"","format":"standard","meta":{"jetpack_post_was_ever_published":false,"_jetpack_newsletter_access":"","_jetpack_dont_email_post_to_subs":false,"_jetpack_newsletter_tier_id":0,"_jetpack_memberships_contains_paywalled_content":false,"_jetpack_memberships_contains_paid_content":false,"footnotes":"","jetpack_publicize_message":"","jetpack_publicize_feature_enabled":true,"jetpack_social_post_already_shared":true,"jetpack_social_options":{"image_generator_settings":{"template":"highway","default_image_id":0,"font":"","enabled":false},"version":2}},"categories":[7,1415,13,14,255,305,662],"tags":[1528,3200,3293,3224],"class_list":["post-3645","post","type-post","status-publish","format-standard","hentry","category-nokia","category-nokia-lumia-1020","category-noticias","category-operadoras","category-telefonica","category-windows-phone","category-windows-phone-8","tag-41-mpixeles","tag-nokia","tag-nokia-lumia-1020","tag-telefonica"],"jetpack_publicize_connections":[],"jetpack_featured_media_url":"","jetpack_shortlink":"https:\/\/wp.me\/s1W0Q6-3645","jetpack_sharing_enabled":true,"jetpack_likes_enabled":true,"jetpack-related-posts":[],"_links":{"self":[{"href":"https:\/\/aiglesias.com\/index.php?rest_route=\/wp\/v2\/posts\/3645","targetHints":{"allow":["GET"]}}],"collection":[{"href":"https:\/\/aiglesias.com\/index.php?rest_route=\/wp\/v2\/posts"}],"about":[{"href":"https:\/\/aiglesias.com\/index.php?rest_route=\/wp\/v2\/types\/post"}],"author":[{"embeddable":true,"href":"https:\/\/aiglesias.com\/index.php?rest_route=\/wp\/v2\/users\/1"}],"replies":[{"embeddable":true,"href":"https:\/\/aiglesias.com\/index.php?rest_route=%2Fwp%2Fv2%2Fcomments&post=3645"}],"version-history":[{"count":3,"href":"https:\/\/aiglesias.com\/index.php?rest_route=\/wp\/v2\/posts\/3645\/revisions"}],"predecessor-version":[{"id":3648,"href":"https:\/\/aiglesias.com\/index.php?rest_route=\/wp\/v2\/posts\/3645\/revisions\/3648"}],"wp:attachment":[{"href":"https:\/\/aiglesias.com\/index.php?rest_route=%2Fwp%2Fv2%2Fmedia&parent=3645"}],"wp:term":[{"taxonomy":"category","embeddable":true,"href":"https:\/\/aiglesias.com\/index.php?rest_route=%2Fwp%2Fv2%2Fcategories&post=3645"},{"taxonomy":"post_tag","embeddable":true,"href":"https:\/\/aiglesias.com\/index.php?rest_route=%2Fwp%2Fv2%2Ftags&post=3645"}],"curies":[{"name":"wp","href":"https:\/\/api.w.org\/{rel}","templated":true}]}}