{"id":480,"date":"2011-08-18T12:51:04","date_gmt":"2011-08-18T12:51:04","guid":{"rendered":"http:\/\/www.aiglesias.com\/?p=480"},"modified":"2011-08-18T12:51:04","modified_gmt":"2011-08-18T12:51:04","slug":"symbian-anna-ya-esta-disponible-para-el-nokia-n8-y-el-nokia-e7","status":"publish","type":"post","link":"https:\/\/aiglesias.com\/?p=480","title":{"rendered":"Symbian Anna ya esta disponible para el Nokia N8 y el Nokia E7"},"content":{"rendered":"<div id=\"attachment_4594\" style=\"width: 590px\" class=\"wp-caption aligncenter\"><a href=\"http:\/\/aiglesias.files.wordpress.com\/2011\/08\/symbian_ana.jpg\" target=\"_blank\" rel=\"noopener\"><img loading=\"lazy\" decoding=\"async\" aria-describedby=\"caption-attachment-4594\" class=\"size-full wp-image-4594\" title=\"symbian_anna\" src=\"http:\/\/aiglesias.files.wordpress.com\/2011\/08\/symbian_ana.jpg\" alt=\"symbian_anna\" width=\"580\" height=\"198\" \/><\/a><p id=\"caption-attachment-4594\" class=\"wp-caption-text\">symbian_anna<\/p><\/div>\n<p>Si ere de los afortunados que tiene un <strong>Nokia N8<\/strong> o un <strong>Nokia E7<\/strong>,ya puedes actualizar tu terminal y pasar de <strong>Symbian^3<\/strong> habitual al nuevo <strong>Symbian Anna<\/strong> .<!--more--><\/p>\n<p>Segun parece<strong> Nokia<\/strong> est\u00e1 comenzando a subir a sus servidores todas las actualizaciones necesarias de<strong> Symbian Anna<\/strong> <strong>para todas las versiones<\/strong> de <strong>Nokia N8<\/strong> y<strong> Nokia E7<\/strong>.<\/p>\n<p>No se sabe cuando comenzar\u00e1n a lanzar dichas actualizaciones autom\u00e1ticamente, pero como muy tarde deber\u00edas tenerla <strong>en unos d\u00edas<\/strong>.<\/p>\n<p>Si eres poseedor de alguno de estos dos terminales, no dudes en contarnos si ya la has recibido y <strong>tu primera impresi\u00f3n<\/strong> sobre \u00e9sta nueva actualizaci\u00f3n.Yo por mi parte voy a ver si consigo uno para ver como es esta nueva versi\u00f3n<\/p>\n<p>V\u00eda | <a href=\"http:\/\/www.gsmarena.com\/symbian_anna_update_for_nokia_n8_and_e7_hits_the_nokia_servers-news-3013.php\" target=\"_blank\" rel=\"noopener\">GSMArena<\/a> , <a title=\"Xatakamovil\" href=\"http:\/\/www.xatakamovil.com\/sistemas-operativos\/la-actualizacion-symbian-anna-para-los-nokia-n8-y-nokia-e7-ya-esta-en-los-servidores-de-nokia\" target=\"_blank\" rel=\"noopener\">Xatakamovil<\/a><\/p>\n","protected":false},"excerpt":{"rendered":"<p>Si ere de los afortunados que tiene un Nokia N8 o un Nokia E7,ya puedes actualizar tu terminal y pasar de Symbian^3 habitual al nuevo Symbian Anna .<\/p>\n","protected":false},"author":1,"featured_media":0,"comment_status":"open","ping_status":"open","sticky":false,"template":"","format":"standard","meta":{"jetpack_post_was_ever_published":false,"_jetpack_newsletter_access":"","_jetpack_dont_email_post_to_subs":false,"_jetpack_newsletter_tier_id":0,"_jetpack_memberships_contains_paywalled_content":false,"_jetpack_memberships_contains_paid_content":false,"footnotes":"","jetpack_publicize_message":"","jetpack_publicize_feature_enabled":true,"jetpack_social_post_already_shared":false,"jetpack_social_options":{"image_generator_settings":{"template":"highway","default_image_id":0,"font":"","enabled":false},"version":2}},"categories":[31,4,32,7,13,17,18,21],"tags":[188,192,3209],"class_list":["post-480","post","type-post","status-publish","format-standard","hentry","category-e7","category-general","category-n8","category-nokia","category-noticias","category-serie-e","category-serie-n","category-symbian-anna","tag-nokia-e7","tag-nokia-n8","tag-symbian-anna"],"jetpack_publicize_connections":[],"jetpack_featured_media_url":"","jetpack_shortlink":"https:\/\/wp.me\/p1W0Q6-7K","jetpack_sharing_enabled":true,"jetpack_likes_enabled":true,"jetpack-related-posts":[],"_links":{"self":[{"href":"https:\/\/aiglesias.com\/index.php?rest_route=\/wp\/v2\/posts\/480","targetHints":{"allow":["GET"]}}],"collection":[{"href":"https:\/\/aiglesias.com\/index.php?rest_route=\/wp\/v2\/posts"}],"about":[{"href":"https:\/\/aiglesias.com\/index.php?rest_route=\/wp\/v2\/types\/post"}],"author":[{"embeddable":true,"href":"https:\/\/aiglesias.com\/index.php?rest_route=\/wp\/v2\/users\/1"}],"replies":[{"embeddable":true,"href":"https:\/\/aiglesias.com\/index.php?rest_route=%2Fwp%2Fv2%2Fcomments&post=480"}],"version-history":[{"count":0,"href":"https:\/\/aiglesias.com\/index.php?rest_route=\/wp\/v2\/posts\/480\/revisions"}],"wp:attachment":[{"href":"https:\/\/aiglesias.com\/index.php?rest_route=%2Fwp%2Fv2%2Fmedia&parent=480"}],"wp:term":[{"taxonomy":"category","embeddable":true,"href":"https:\/\/aiglesias.com\/index.php?rest_route=%2Fwp%2Fv2%2Fcategories&post=480"},{"taxonomy":"post_tag","embeddable":true,"href":"https:\/\/aiglesias.com\/index.php?rest_route=%2Fwp%2Fv2%2Ftags&post=480"}],"curies":[{"name":"wp","href":"https:\/\/api.w.org\/{rel}","templated":true}]}}