{"id":5968,"date":"2014-06-18T13:21:48","date_gmt":"2014-06-18T13:21:48","guid":{"rendered":"http:\/\/aiglesias.com\/?p=5968"},"modified":"2014-06-18T13:21:48","modified_gmt":"2014-06-18T13:21:48","slug":"el-hombre-de-negro-animara-a-la-espana-de-negro-frente-a-chile-en-line-futbol","status":"publish","type":"post","link":"https:\/\/aiglesias.com\/?p=5968","title":{"rendered":"El Hombre de Negro animar\u00e1 a la Espa\u00f1a de negro frente a Chile en LINE F\u00daTBOL"},"content":{"rendered":"<div id=\"attachment_1798\" style=\"width: 262px\" class=\"wp-caption aligncenter\"><a href=\"http:\/\/aiglesias.com\/wp-content\/uploads\/2013\/01\/line.png\"><img loading=\"lazy\" decoding=\"async\" aria-describedby=\"caption-attachment-1798\" class=\"size-full wp-image-1798\" src=\"http:\/\/aiglesias.com\/wp-content\/uploads\/2013\/01\/line.png\" alt=\"Line\" width=\"252\" height=\"252\" srcset=\"https:\/\/aiglesias.com\/wp-content\/uploads\/2013\/01\/line.png 252w, https:\/\/aiglesias.com\/wp-content\/uploads\/2013\/01\/line-150x150.png 150w, https:\/\/aiglesias.com\/wp-content\/uploads\/2013\/01\/line-148x148.png 148w, https:\/\/aiglesias.com\/wp-content\/uploads\/2013\/01\/line-31x31.png 31w, https:\/\/aiglesias.com\/wp-content\/uploads\/2013\/01\/line-38x38.png 38w, https:\/\/aiglesias.com\/wp-content\/uploads\/2013\/01\/line-215x215.png 215w\" sizes=\"auto, (max-width: 252px) 100vw, 252px\" \/><\/a><p id=\"caption-attachment-1798\" class=\"wp-caption-text\">Line<\/p><\/div>\n<p>\u201c\u00bfSab\u00e9is lo que har\u00eda un holand\u00e9s si hubiese perdido 5-1? Hundirse. Pero nosotros no somos holandeses, somos espa\u00f1oles y lo que haremos ser\u00e1 luchar hasta el final\u201d. As\u00ed de seguras y contundentes fueron las declaraciones de<strong> El Hombre de Negro<\/strong> para <strong>LINE F\u00daTBOL<\/strong> al t\u00e9rmino del partido ante Holanda. <!--more-->Tras la expectaci\u00f3n creada con el debut como comentarista la semana pasada, hoy tendremos una nueva oportunidad de disfrutar con sus pron\u00f3sticos, celebraciones y gritos de aliento a nuestra Selecci\u00f3n a trav\u00e9s de <strong>LINE<\/strong> y su cuenta oficial LINE F\u00daTBOL. La ocasi\u00f3n lo merece ya que \u00e9sta ser\u00e1 la primera vez que el combinado nacional vista de negro en un partido oficial.<br \/>\n<iframe loading=\"lazy\" src=\"\/\/www.youtube.com\/embed\/zrSwNqrshy0\" width=\"420\" height=\"315\" frameborder=\"0\" allowfullscreen=\"allowfullscreen\"><\/iframe><\/p>\n<p><strong>Puedes ver el video en este link: <\/strong><strong><a href=\"http:\/\/bit.ly\/hdnegro\" target=\"_blank\" rel=\"noopener\">http:\/\/bit.ly\/hdnegro<\/a><\/strong><\/p>\n<p>\u201cVamos a jugar el resto de partidos con toda la fuerza que podamos. As\u00ed ganamos el Mundial y as\u00ed lo vamos a volver a hacer\u201d. Con esta frase nos invitaba el Hombre de Negro a seguir sus comentarios en LINE F\u00daTBOL para el duelo ante Chile.<strong><br \/>\n<\/strong><\/p>\n<p><strong>Para seguir la cuenta oficial LINE F\u00daTBOL:<\/strong><\/p>\n<ul>\n<li><a href=\"http:\/\/bit.ly\/OAline\" target=\"_blank\" rel=\"noopener\">http:\/\/bit.ly\/OAline<\/a> [Link v\u00e1lido para Smartphone]<\/li>\n<\/ul>\n","protected":false},"excerpt":{"rendered":"<p>\u201c\u00bfSab\u00e9is lo que har\u00eda un holand\u00e9s si hubiese perdido 5-1? Hundirse. Pero nosotros no somos holandeses, somos espa\u00f1oles y lo que haremos ser\u00e1 luchar hasta el final\u201d. As\u00ed de seguras y contundentes fueron las declaraciones de El Hombre de Negro &hellip; <a href=\"https:\/\/aiglesias.com\/?p=5968\">Sigue leyendo <span class=\"meta-nav\">&rarr;<\/span><\/a><\/p>\n","protected":false},"author":1,"featured_media":0,"comment_status":"open","ping_status":"open","sticky":false,"template":"","format":"standard","meta":{"jetpack_post_was_ever_published":false,"_jetpack_newsletter_access":"","_jetpack_dont_email_post_to_subs":false,"_jetpack_newsletter_tier_id":0,"_jetpack_memberships_contains_paywalled_content":false,"_jetpack_memberships_contains_paid_content":false,"footnotes":"","jetpack_publicize_message":"","jetpack_publicize_feature_enabled":true,"jetpack_social_post_already_shared":true,"jetpack_social_options":{"image_generator_settings":{"template":"highway","default_image_id":0,"font":"","enabled":false},"version":2}},"categories":[4,13],"tags":[2296,2297],"class_list":["post-5968","post","type-post","status-publish","format-standard","hentry","category-general","category-noticias","tag-el-hombre-de-negro","tag-line-futbol"],"jetpack_publicize_connections":[],"jetpack_featured_media_url":"","jetpack_shortlink":"https:\/\/wp.me\/p1W0Q6-1yg","jetpack_sharing_enabled":true,"jetpack_likes_enabled":true,"jetpack-related-posts":[],"_links":{"self":[{"href":"https:\/\/aiglesias.com\/index.php?rest_route=\/wp\/v2\/posts\/5968","targetHints":{"allow":["GET"]}}],"collection":[{"href":"https:\/\/aiglesias.com\/index.php?rest_route=\/wp\/v2\/posts"}],"about":[{"href":"https:\/\/aiglesias.com\/index.php?rest_route=\/wp\/v2\/types\/post"}],"author":[{"embeddable":true,"href":"https:\/\/aiglesias.com\/index.php?rest_route=\/wp\/v2\/users\/1"}],"replies":[{"embeddable":true,"href":"https:\/\/aiglesias.com\/index.php?rest_route=%2Fwp%2Fv2%2Fcomments&post=5968"}],"version-history":[{"count":1,"href":"https:\/\/aiglesias.com\/index.php?rest_route=\/wp\/v2\/posts\/5968\/revisions"}],"predecessor-version":[{"id":5969,"href":"https:\/\/aiglesias.com\/index.php?rest_route=\/wp\/v2\/posts\/5968\/revisions\/5969"}],"wp:attachment":[{"href":"https:\/\/aiglesias.com\/index.php?rest_route=%2Fwp%2Fv2%2Fmedia&parent=5968"}],"wp:term":[{"taxonomy":"category","embeddable":true,"href":"https:\/\/aiglesias.com\/index.php?rest_route=%2Fwp%2Fv2%2Fcategories&post=5968"},{"taxonomy":"post_tag","embeddable":true,"href":"https:\/\/aiglesias.com\/index.php?rest_route=%2Fwp%2Fv2%2Ftags&post=5968"}],"curies":[{"name":"wp","href":"https:\/\/api.w.org\/{rel}","templated":true}]}}