{"id":8694,"date":"2016-01-18T20:06:32","date_gmt":"2016-01-18T20:06:32","guid":{"rendered":"http:\/\/aiglesias.com\/?p=8694"},"modified":"2016-01-18T20:06:32","modified_gmt":"2016-01-18T20:06:32","slug":"el-espanol-alberto-granados-maximo-responsable-del-area-de-grandes-empresas-y-partners-de-microsoft-en-asia","status":"publish","type":"post","link":"https:\/\/aiglesias.com\/?p=8694","title":{"rendered":"El espa\u00f1ol Alberto Granados, m\u00e1ximo responsable del \u00e1rea de Grandes Empresas y Partners de Microsoft en Asia"},"content":{"rendered":"<div id=\"attachment_6014\" style=\"width: 490px\" class=\"wp-caption aligncenter\"><a href=\"http:\/\/aiglesias.com\/wp-content\/uploads\/2014\/06\/Microsoft_logo.jpg\" rel=\"attachment wp-att-6014\"><img loading=\"lazy\" decoding=\"async\" aria-describedby=\"caption-attachment-6014\" class=\"size-full wp-image-6014\" src=\"http:\/\/aiglesias.com\/wp-content\/uploads\/2014\/06\/Microsoft_logo.jpg\" alt=\"Microsoft_logo\" width=\"480\" height=\"240\" srcset=\"https:\/\/aiglesias.com\/wp-content\/uploads\/2014\/06\/Microsoft_logo.jpg 480w, https:\/\/aiglesias.com\/wp-content\/uploads\/2014\/06\/Microsoft_logo-300x150.jpg 300w\" sizes=\"auto, (max-width: 480px) 100vw, 480px\" \/><\/a><p id=\"caption-attachment-6014\" class=\"wp-caption-text\">Microsoft_logo<\/p><\/div>\n<p class=\"ox-93f380044c-MsoNormal\"><strong>Alberto Granados<\/strong> ha sido promocionado al puesto de vicepresidente<b> de la Divisi\u00f3n de Grandes Empresas y Partners de Microsoft para la regi\u00f3n de Asia, <\/b>pasando a ser uno de los<b> espa\u00f1oles <\/b>con uno de los<b> puestos de mayor responsabilidad<\/b> y peso estrat\u00e9gico <b>dentro de Microsoft Corporation<\/b>. Desde este cargo, Granados liderar\u00e1 la estrategia de la compa\u00f1\u00eda para potenciar la transformaci\u00f3n digital y ayudar a los clientes empresariales y de Sector P\u00fablico de Microsoft en Asia a ser m\u00e1s productivos y tener \u00e9xito en la era del \u201cmobile first-cloud first\u201d.<!--more--><\/p>\n<div id=\"attachment_8695\" style=\"width: 1210px\" class=\"wp-caption aligncenter\"><a href=\"http:\/\/aiglesias.com\/wp-content\/uploads\/2016\/01\/Alberto-Granados_Microsoft_print.jpg\" rel=\"attachment wp-att-8695\"><img loading=\"lazy\" decoding=\"async\" aria-describedby=\"caption-attachment-8695\" class=\"size-full wp-image-8695\" src=\"http:\/\/aiglesias.com\/wp-content\/uploads\/2016\/01\/Alberto-Granados_Microsoft_print.jpg\" alt=\"Alberto Granados_Microsoft_print\" width=\"1200\" height=\"1800\" srcset=\"https:\/\/aiglesias.com\/wp-content\/uploads\/2016\/01\/Alberto-Granados_Microsoft_print.jpg 1200w, https:\/\/aiglesias.com\/wp-content\/uploads\/2016\/01\/Alberto-Granados_Microsoft_print-200x300.jpg 200w, https:\/\/aiglesias.com\/wp-content\/uploads\/2016\/01\/Alberto-Granados_Microsoft_print-768x1152.jpg 768w, https:\/\/aiglesias.com\/wp-content\/uploads\/2016\/01\/Alberto-Granados_Microsoft_print-683x1024.jpg 683w\" sizes=\"auto, (max-width: 1200px) 100vw, 1200px\" \/><\/a><p id=\"caption-attachment-8695\" class=\"wp-caption-text\">Alberto Granados_Microsoft_print<\/p><\/div>\n<p class=\"ox-93f380044c-MsoNormal\">Con una trayectoria profesional de m\u00e1s de 25 a\u00f1os dirigiendo equipos en las \u00e1reas de gesti\u00f3n, ventas, servicios, y desarrollo de software, en Espa\u00f1a, Europa, Latinoam\u00e9rica y Asia Pac\u00edfico, a Granados le avalan los \u00e9xitos que ha conseguido durante este tiempo en el cierre de fruct\u00edferas alianzas con clientes de distintos sectores empresariales, Sector P\u00fablico y partners.<\/p>\n<p class=\"ox-93f380044c-MsoNormal\">Con anterioridad a su actual cargo, Granados era director general de Grandes Empresas y Partners de Microsoft Asia-Pac\u00edfico, convirtiendo esta regi\u00f3n en la de mayor crecimiento del mundo en lo que se refiere al negocio asociado a la tecnolog\u00eda cloud de Microsoft. El directivo tambi\u00e9n ha dirigido este segmento de negocio en Latinoam\u00e9rica, con responsabilidad sobre pa\u00edses como Brasil, M\u00e9xico, Argentina, Chile, Colombia, Venezuela y otros 42 en Sudam\u00e9rica, Centroam\u00e9rica y el Caribe.<\/p>\n<p class=\"ox-93f380044c-MsoNormal\">Nacido en Madrid, Alberto Granados se uni\u00f3 a Microsoft Ib\u00e9rica en 1995, donde ocup\u00f3 diferentes cargos de responsabilidad, entre los que se incluyen el de director de Servicios de Consultor\u00eda, director de Soluciones Empresariales, del \u00e1rea de Retail, Utilities y Manufacturing y director de Ventas de Soluciones Empresariales. Su trayectoria en Microsoft en Espa\u00f1a fue reconocida por innumerables \u00e9xitos en el desarrollo de acuerdos con clientes y partners y por liderar proyectos de gran impacto social. As\u00ed, colaboraba de forma activa con la Organizaci\u00f3n Nacional de Ciegos (ONCE) en el desarrollo de soluciones de accesibilidad para personas con discapacidad junto a distintos grupos de trabajo y divisiones de Microsoft en Seattle.<\/p>\n<p class=\"ox-93f380044c-MsoNormal\">El directivo curs\u00f3 estudios de inform\u00e1tica en la Universidad Polit\u00e9cnica de Madrid, ha estudiado en el Liceo Franc\u00e9s y tiene un curso de postgrado del Programa de Desarrollo de Directivos (PDD-2003) por el IESE Business School de la Universidad de Navarra.<\/p>\n<p class=\"ox-93f380044c-MsoNormal\"><strong>Acerca de Microsoft<\/strong><\/p>\n<p>Microsoft (Nasdaq \u201cMSFT\u201d @microsoft) es la compa\u00f1\u00eda l\u00edder en plataformas y productividad para el mundo \u201cmobile-first, cloud-first\u201d, y su misi\u00f3n es ayudar a cada persona y a cada organizaci\u00f3n en el planeta, a hacer m\u00e1s en su d\u00eda a d\u00eda.<\/p>\n","protected":false},"excerpt":{"rendered":"<p>Alberto Granados ha sido promocionado al puesto de vicepresidente de la Divisi\u00f3n de Grandes Empresas y Partners de Microsoft para la regi\u00f3n de Asia, pasando a ser uno de los espa\u00f1oles con uno de los puestos de mayor responsabilidad y &hellip; <a href=\"https:\/\/aiglesias.com\/?p=8694\">Sigue leyendo <span class=\"meta-nav\">&rarr;<\/span><\/a><\/p>\n","protected":false},"author":1,"featured_media":0,"comment_status":"open","ping_status":"open","sticky":false,"template":"","format":"standard","meta":{"jetpack_post_was_ever_published":false,"_jetpack_newsletter_access":"","_jetpack_dont_email_post_to_subs":false,"_jetpack_newsletter_tier_id":0,"_jetpack_memberships_contains_paywalled_content":false,"_jetpack_memberships_contains_paid_content":false,"footnotes":"","jetpack_publicize_message":"","jetpack_publicize_feature_enabled":true,"jetpack_social_post_already_shared":true,"jetpack_social_options":{"image_generator_settings":{"template":"highway","default_image_id":0,"font":"","enabled":false},"version":2}},"categories":[4,157,13],"tags":[3479,3480,3219],"class_list":["post-8694","post","type-post","status-publish","format-standard","hentry","category-general","category-microsoft","category-noticias","tag-alberto-granados","tag-maximo-responsable-del-area-de-grandes-empresas-y-partners-de-microsoft-en-asia","tag-microsoft"],"jetpack_publicize_connections":[],"jetpack_featured_media_url":"","jetpack_shortlink":"https:\/\/wp.me\/p1W0Q6-2ge","jetpack_sharing_enabled":true,"jetpack_likes_enabled":true,"jetpack-related-posts":[],"_links":{"self":[{"href":"https:\/\/aiglesias.com\/index.php?rest_route=\/wp\/v2\/posts\/8694","targetHints":{"allow":["GET"]}}],"collection":[{"href":"https:\/\/aiglesias.com\/index.php?rest_route=\/wp\/v2\/posts"}],"about":[{"href":"https:\/\/aiglesias.com\/index.php?rest_route=\/wp\/v2\/types\/post"}],"author":[{"embeddable":true,"href":"https:\/\/aiglesias.com\/index.php?rest_route=\/wp\/v2\/users\/1"}],"replies":[{"embeddable":true,"href":"https:\/\/aiglesias.com\/index.php?rest_route=%2Fwp%2Fv2%2Fcomments&post=8694"}],"version-history":[{"count":1,"href":"https:\/\/aiglesias.com\/index.php?rest_route=\/wp\/v2\/posts\/8694\/revisions"}],"predecessor-version":[{"id":8696,"href":"https:\/\/aiglesias.com\/index.php?rest_route=\/wp\/v2\/posts\/8694\/revisions\/8696"}],"wp:attachment":[{"href":"https:\/\/aiglesias.com\/index.php?rest_route=%2Fwp%2Fv2%2Fmedia&parent=8694"}],"wp:term":[{"taxonomy":"category","embeddable":true,"href":"https:\/\/aiglesias.com\/index.php?rest_route=%2Fwp%2Fv2%2Fcategories&post=8694"},{"taxonomy":"post_tag","embeddable":true,"href":"https:\/\/aiglesias.com\/index.php?rest_route=%2Fwp%2Fv2%2Ftags&post=8694"}],"curies":[{"name":"wp","href":"https:\/\/api.w.org\/{rel}","templated":true}]}}